{"id":1498,"date":"2021-05-25T10:52:11","date_gmt":"2021-05-25T10:52:11","guid":{"rendered":"https:\/\/tivity.es\/?p=1498"},"modified":"2021-05-25T10:52:11","modified_gmt":"2021-05-25T10:52:11","slug":"rutas-de-senderismo-ambiental-2020","status":"publish","type":"post","link":"https:\/\/tivity.es\/en\/rutas-de-senderismo-ambiental-2020\/","title":{"rendered":"RUTAS DE SENDERISMO AMBIENTAL 2020"},"content":{"rendered":"<p>La concejal\u00eda de Medio Ambiente del Ayuntamiento de La Laguna, en colaboraci\u00f3n con la empresa de turismo activo _tivity, pone en marcha un programa de senderismo compuesto por diez salidas tematizadas con un alto componente medioambiental.<\/p>\n<p><!--more--><\/p>\n<p><img decoding=\"async\" loading=\"lazy\" class=\"wp-image-1499 aligncenter\" src=\"https:\/\/tivity.es\/wp-content\/uploads\/2021\/05\/Senderismo-Ambiental-2020-Cartel-principal-1-300x225.jpeg\" alt=\"\" width=\"506\" height=\"380\" srcset=\"https:\/\/tivity.es\/wp-content\/uploads\/2021\/05\/Senderismo-Ambiental-2020-Cartel-principal-1-300x225.jpeg 300w, https:\/\/tivity.es\/wp-content\/uploads\/2021\/05\/Senderismo-Ambiental-2020-Cartel-principal-1-16x12.jpeg 16w, https:\/\/tivity.es\/wp-content\/uploads\/2021\/05\/Senderismo-Ambiental-2020-Cartel-principal-1-400x300.jpeg 400w, https:\/\/tivity.es\/wp-content\/uploads\/2021\/05\/Senderismo-Ambiental-2020-Cartel-principal-1.jpeg 1024w\" sizes=\"(max-width: 506px) 100vw, 506px\" \/><\/p>\n<p>Las rutas transcurrir\u00e1n por el t\u00e9rmino municipal y los senderos homologados y reconocidos en el inventario de senderos del Cabildo de Tenerife. Contar\u00e1n adem\u00e1s con educadores ambientales y gu\u00edas oficiales de turismo con amplia experiencia que ayudaran a descubrir y entender el tesoro patrimonial y natural del municipio.<\/p>\n<p>Las rutas se desarrollar\u00e1n desde el 12 de septiembre de 2020 hasta el mes de diciembre.\u00a0 Los usuarios se podr\u00e1n escribir\u00a0 de forma completamente gratuita a trav\u00e9s de la p\u00e1gina web www.tivitycanarias.com<\/p>\n<p><img decoding=\"async\" loading=\"lazy\" class=\"wp-image-1500 aligncenter\" src=\"https:\/\/tivity.es\/wp-content\/uploads\/2021\/05\/2020_09_09_Senderismo-ambiental-2020-Calendario-de-rutas-1-300x225.jpeg\" alt=\"\" width=\"534\" height=\"400\" srcset=\"https:\/\/tivity.es\/wp-content\/uploads\/2021\/05\/2020_09_09_Senderismo-ambiental-2020-Calendario-de-rutas-1-300x225.jpeg 300w, https:\/\/tivity.es\/wp-content\/uploads\/2021\/05\/2020_09_09_Senderismo-ambiental-2020-Calendario-de-rutas-1-16x12.jpeg 16w, https:\/\/tivity.es\/wp-content\/uploads\/2021\/05\/2020_09_09_Senderismo-ambiental-2020-Calendario-de-rutas-1-400x300.jpeg 400w, https:\/\/tivity.es\/wp-content\/uploads\/2021\/05\/2020_09_09_Senderismo-ambiental-2020-Calendario-de-rutas-1.jpeg 1024w\" sizes=\"(max-width: 534px) 100vw, 534px\" \/><\/p>\n<p>Atendiendo a la situaci\u00f3n sanitaria actual, cada ruta contar\u00e1 con dos sesiones en d\u00edas diferentes de un m\u00e1ximo de 15 personas garantizando as\u00ed la seguridad de todos los participantes a la par que se contribuye a la sostenibilidad ambiental de la ruta.<\/p>\n<p><strong>Apertura de plazas:\u00a0<\/strong><\/p>\n<p>iremos abriendo las rutas y las inscripciones de<b>\u00a0forma secuencial, a unas 2 semanas de su celebraci\u00f3n,\u00a0<\/b>para garantizar que las rutas puedan ser disfrutadas por un mayor n\u00famero de usuarios distintos y\u00a0evitar que se inscriban personas que finalmente no podr\u00e1n asistir. Pueden seguirnos en nuestras redes sociales o visitar\u00a0<a href=\"http:\/\/www.tivitycanarias.com\/\" target=\"_blank\" rel=\"noopener\" data-saferedirecturl=\"https:\/\/www.google.com\/url?q=http:\/\/www.tivitycanarias.com\/&amp;source=gmail&amp;ust=1600850325671000&amp;usg=AFQjCNFffRNMgmunNKMCG3xcosn6_qjb6Q\">http:\/\/www.<wbr \/>tivitycanarias.com\/<\/a>\u00a0 para estar atentos de las pr\u00f3ximas\u00a0actividades.<\/p>","protected":false},"excerpt":{"rendered":"<p>La concejal\u00eda de Medio Ambiente del Ayuntamiento de La Laguna, en colaboraci\u00f3n con la empresa de turismo activo _tivity, pone en marcha un programa de senderismo compuesto por diez salidas tematizadas con un alto componente medioambiental.<\/p>","protected":false},"author":1,"featured_media":1499,"comment_status":"open","ping_status":"open","sticky":false,"template":"","format":"standard","meta":{"footnotes":""},"categories":[22],"tags":[],"yoast_head":"<!-- This site is optimized with the Yoast SEO plugin v21.8 - https:\/\/yoast.com\/wordpress\/plugins\/seo\/ -->\n<title>RUTAS DE SENDERISMO AMBIENTAL 2020 25 May 2021<\/title>\n<meta name=\"robots\" content=\"index, follow, max-snippet:-1, max-image-preview:large, max-video-preview:-1\" \/>\n<link rel=\"canonical\" href=\"https:\/\/tivity.es\/en\/rutas-de-senderismo-ambiental-2020\/\" \/>\n<meta property=\"og:locale\" content=\"en_GB\" \/>\n<meta property=\"og:type\" content=\"article\" \/>\n<meta property=\"og:title\" content=\"RUTAS DE SENDERISMO AMBIENTAL 2020 25 May 2021\" \/>\n<meta property=\"og:description\" content=\"La concejal\u00eda de Medio Ambiente del Ayuntamiento de La Laguna, en colaboraci\u00f3n con la empresa de turismo activo _tivity, pone en marcha un programa de senderismo compuesto por diez salidas tematizadas con un alto componente medioambiental.\" \/>\n<meta property=\"og:url\" content=\"https:\/\/tivity.es\/en\/rutas-de-senderismo-ambiental-2020\/\" \/>\n<meta property=\"og:site_name\" content=\"_tivity\" \/>\n<meta property=\"article:publisher\" content=\"https:\/\/www.facebook.com\/tivity.es\" \/>\n<meta property=\"article:published_time\" content=\"2021-05-25T10:52:11+00:00\" \/>\n<meta property=\"og:image\" content=\"https:\/\/tivity.es\/wp-content\/uploads\/2021\/05\/Senderismo-Ambiental-2020-Cartel-principal-1.jpeg\" \/>\n\t<meta property=\"og:image:width\" content=\"1024\" \/>\n\t<meta property=\"og:image:height\" content=\"768\" \/>\n\t<meta property=\"og:image:type\" content=\"image\/jpeg\" \/>\n<meta name=\"author\" content=\"bacha\" \/>\n<meta name=\"twitter:card\" content=\"summary_large_image\" \/>\n<meta name=\"twitter:creator\" content=\"@TivityCanarias\" \/>\n<meta name=\"twitter:site\" content=\"@TivityCanarias\" \/>\n<meta name=\"twitter:label1\" content=\"Written by\" \/>\n\t<meta name=\"twitter:data1\" content=\"bacha\" \/>\n\t<meta name=\"twitter:label2\" content=\"Estimated reading time\" \/>\n\t<meta name=\"twitter:data2\" content=\"1 minute\" \/>\n<script type=\"application\/ld+json\" class=\"yoast-schema-graph\">{\"@context\":\"https:\/\/schema.org\",\"@graph\":[{\"@type\":\"Article\",\"@id\":\"https:\/\/tivity.es\/en\/rutas-de-senderismo-ambiental-2020\/#article\",\"isPartOf\":{\"@id\":\"https:\/\/tivity.es\/en\/rutas-de-senderismo-ambiental-2020\/\"},\"author\":{\"name\":\"bacha\",\"@id\":\"https:\/\/tivity.es\/#\/schema\/person\/b509c33b46ab00cfb49bdc92a4c2506b\"},\"headline\":\"RUTAS DE SENDERISMO AMBIENTAL 2020\",\"datePublished\":\"2021-05-25T10:52:11+00:00\",\"dateModified\":\"2021-05-25T10:52:11+00:00\",\"mainEntityOfPage\":{\"@id\":\"https:\/\/tivity.es\/en\/rutas-de-senderismo-ambiental-2020\/\"},\"wordCount\":243,\"commentCount\":0,\"publisher\":{\"@id\":\"https:\/\/tivity.es\/#organization\"},\"articleSection\":[\"Senderismo\"],\"inLanguage\":\"en-GB\",\"potentialAction\":[{\"@type\":\"CommentAction\",\"name\":\"Comment\",\"target\":[\"https:\/\/tivity.es\/en\/rutas-de-senderismo-ambiental-2020\/#respond\"]}]},{\"@type\":\"WebPage\",\"@id\":\"https:\/\/tivity.es\/en\/rutas-de-senderismo-ambiental-2020\/\",\"url\":\"https:\/\/tivity.es\/en\/rutas-de-senderismo-ambiental-2020\/\",\"name\":\"RUTAS DE SENDERISMO AMBIENTAL 2020 25 May 2021\",\"isPartOf\":{\"@id\":\"https:\/\/tivity.es\/#website\"},\"datePublished\":\"2021-05-25T10:52:11+00:00\",\"dateModified\":\"2021-05-25T10:52:11+00:00\",\"breadcrumb\":{\"@id\":\"https:\/\/tivity.es\/en\/rutas-de-senderismo-ambiental-2020\/#breadcrumb\"},\"inLanguage\":\"en-GB\",\"potentialAction\":[{\"@type\":\"ReadAction\",\"target\":[\"https:\/\/tivity.es\/en\/rutas-de-senderismo-ambiental-2020\/\"]}]},{\"@type\":\"BreadcrumbList\",\"@id\":\"https:\/\/tivity.es\/en\/rutas-de-senderismo-ambiental-2020\/#breadcrumb\",\"itemListElement\":[{\"@type\":\"ListItem\",\"position\":1,\"name\":\"Portada\",\"item\":\"https:\/\/tivity.es\/\"},{\"@type\":\"ListItem\",\"position\":2,\"name\":\"RUTAS DE SENDERISMO AMBIENTAL 2020\"}]},{\"@type\":\"WebSite\",\"@id\":\"https:\/\/tivity.es\/#website\",\"url\":\"https:\/\/tivity.es\/\",\"name\":\"_tivity\",\"description\":\"activity, connectivity, positivity\",\"publisher\":{\"@id\":\"https:\/\/tivity.es\/#organization\"},\"potentialAction\":[{\"@type\":\"SearchAction\",\"target\":{\"@type\":\"EntryPoint\",\"urlTemplate\":\"https:\/\/tivity.es\/?s={search_term_string}\"},\"query-input\":\"required name=search_term_string\"}],\"inLanguage\":\"en-GB\"},{\"@type\":\"Organization\",\"@id\":\"https:\/\/tivity.es\/#organization\",\"name\":\"_tivity\",\"url\":\"https:\/\/tivity.es\/\",\"logo\":{\"@type\":\"ImageObject\",\"inLanguage\":\"en-GB\",\"@id\":\"https:\/\/tivity.es\/#\/schema\/logo\/image\/\",\"url\":\"https:\/\/tivity.es\/wp-content\/uploads\/2021\/05\/tivity-naranja-512px-redondeado.png\",\"contentUrl\":\"https:\/\/tivity.es\/wp-content\/uploads\/2021\/05\/tivity-naranja-512px-redondeado.png\",\"width\":512,\"height\":512,\"caption\":\"_tivity\"},\"image\":{\"@id\":\"https:\/\/tivity.es\/#\/schema\/logo\/image\/\"},\"sameAs\":[\"https:\/\/www.facebook.com\/tivity.es\",\"https:\/\/twitter.com\/TivityCanarias\",\"https:\/\/www.instagram.com\/tivitycanarias\/\",\"https:\/\/www.youtube.com\/channel\/UCSVGuu8_-paURQMiHE1HshA\"]},{\"@type\":\"Person\",\"@id\":\"https:\/\/tivity.es\/#\/schema\/person\/b509c33b46ab00cfb49bdc92a4c2506b\",\"name\":\"bacha\",\"image\":{\"@type\":\"ImageObject\",\"inLanguage\":\"en-GB\",\"@id\":\"https:\/\/tivity.es\/#\/schema\/person\/image\/\",\"url\":\"https:\/\/secure.gravatar.com\/avatar\/f4b0c9bb1c4d0f07e22f84d3a0d97a4d?s=96&d=mm&r=g\",\"contentUrl\":\"https:\/\/secure.gravatar.com\/avatar\/f4b0c9bb1c4d0f07e22f84d3a0d97a4d?s=96&d=mm&r=g\",\"caption\":\"bacha\"}}]}<\/script>\n<!-- \/ Yoast SEO plugin. -->","yoast_head_json":{"title":"RUTAS DE SENDERISMO AMBIENTAL 2020 25 May 2021","robots":{"index":"index","follow":"follow","max-snippet":"max-snippet:-1","max-image-preview":"max-image-preview:large","max-video-preview":"max-video-preview:-1"},"canonical":"https:\/\/tivity.es\/en\/rutas-de-senderismo-ambiental-2020\/","og_locale":"en_GB","og_type":"article","og_title":"RUTAS DE SENDERISMO AMBIENTAL 2020 25 May 2021","og_description":"La concejal\u00eda de Medio Ambiente del Ayuntamiento de La Laguna, en colaboraci\u00f3n con la empresa de turismo activo _tivity, pone en marcha un programa de senderismo compuesto por diez salidas tematizadas con un alto componente medioambiental.","og_url":"https:\/\/tivity.es\/en\/rutas-de-senderismo-ambiental-2020\/","og_site_name":"_tivity","article_publisher":"https:\/\/www.facebook.com\/tivity.es","article_published_time":"2021-05-25T10:52:11+00:00","og_image":[{"width":1024,"height":768,"url":"https:\/\/tivity.es\/wp-content\/uploads\/2021\/05\/Senderismo-Ambiental-2020-Cartel-principal-1.jpeg","type":"image\/jpeg"}],"author":"bacha","twitter_card":"summary_large_image","twitter_creator":"@TivityCanarias","twitter_site":"@TivityCanarias","twitter_misc":{"Written by":"bacha","Estimated reading time":"1 minute"},"schema":{"@context":"https:\/\/schema.org","@graph":[{"@type":"Article","@id":"https:\/\/tivity.es\/en\/rutas-de-senderismo-ambiental-2020\/#article","isPartOf":{"@id":"https:\/\/tivity.es\/en\/rutas-de-senderismo-ambiental-2020\/"},"author":{"name":"bacha","@id":"https:\/\/tivity.es\/#\/schema\/person\/b509c33b46ab00cfb49bdc92a4c2506b"},"headline":"RUTAS DE SENDERISMO AMBIENTAL 2020","datePublished":"2021-05-25T10:52:11+00:00","dateModified":"2021-05-25T10:52:11+00:00","mainEntityOfPage":{"@id":"https:\/\/tivity.es\/en\/rutas-de-senderismo-ambiental-2020\/"},"wordCount":243,"commentCount":0,"publisher":{"@id":"https:\/\/tivity.es\/#organization"},"articleSection":["Senderismo"],"inLanguage":"en-GB","potentialAction":[{"@type":"CommentAction","name":"Comment","target":["https:\/\/tivity.es\/en\/rutas-de-senderismo-ambiental-2020\/#respond"]}]},{"@type":"WebPage","@id":"https:\/\/tivity.es\/en\/rutas-de-senderismo-ambiental-2020\/","url":"https:\/\/tivity.es\/en\/rutas-de-senderismo-ambiental-2020\/","name":"RUTAS DE SENDERISMO AMBIENTAL 2020 25 May 2021","isPartOf":{"@id":"https:\/\/tivity.es\/#website"},"datePublished":"2021-05-25T10:52:11+00:00","dateModified":"2021-05-25T10:52:11+00:00","breadcrumb":{"@id":"https:\/\/tivity.es\/en\/rutas-de-senderismo-ambiental-2020\/#breadcrumb"},"inLanguage":"en-GB","potentialAction":[{"@type":"ReadAction","target":["https:\/\/tivity.es\/en\/rutas-de-senderismo-ambiental-2020\/"]}]},{"@type":"BreadcrumbList","@id":"https:\/\/tivity.es\/en\/rutas-de-senderismo-ambiental-2020\/#breadcrumb","itemListElement":[{"@type":"ListItem","position":1,"name":"Portada","item":"https:\/\/tivity.es\/"},{"@type":"ListItem","position":2,"name":"RUTAS DE SENDERISMO AMBIENTAL 2020"}]},{"@type":"WebSite","@id":"https:\/\/tivity.es\/#website","url":"https:\/\/tivity.es\/","name":"_tivity","description":"activity, connectivity, positivity","publisher":{"@id":"https:\/\/tivity.es\/#organization"},"potentialAction":[{"@type":"SearchAction","target":{"@type":"EntryPoint","urlTemplate":"https:\/\/tivity.es\/?s={search_term_string}"},"query-input":"required name=search_term_string"}],"inLanguage":"en-GB"},{"@type":"Organization","@id":"https:\/\/tivity.es\/#organization","name":"_tivity","url":"https:\/\/tivity.es\/","logo":{"@type":"ImageObject","inLanguage":"en-GB","@id":"https:\/\/tivity.es\/#\/schema\/logo\/image\/","url":"https:\/\/tivity.es\/wp-content\/uploads\/2021\/05\/tivity-naranja-512px-redondeado.png","contentUrl":"https:\/\/tivity.es\/wp-content\/uploads\/2021\/05\/tivity-naranja-512px-redondeado.png","width":512,"height":512,"caption":"_tivity"},"image":{"@id":"https:\/\/tivity.es\/#\/schema\/logo\/image\/"},"sameAs":["https:\/\/www.facebook.com\/tivity.es","https:\/\/twitter.com\/TivityCanarias","https:\/\/www.instagram.com\/tivitycanarias\/","https:\/\/www.youtube.com\/channel\/UCSVGuu8_-paURQMiHE1HshA"]},{"@type":"Person","@id":"https:\/\/tivity.es\/#\/schema\/person\/b509c33b46ab00cfb49bdc92a4c2506b","name":"bacha","image":{"@type":"ImageObject","inLanguage":"en-GB","@id":"https:\/\/tivity.es\/#\/schema\/person\/image\/","url":"https:\/\/secure.gravatar.com\/avatar\/f4b0c9bb1c4d0f07e22f84d3a0d97a4d?s=96&d=mm&r=g","contentUrl":"https:\/\/secure.gravatar.com\/avatar\/f4b0c9bb1c4d0f07e22f84d3a0d97a4d?s=96&d=mm&r=g","caption":"bacha"}}]}},"_links":{"self":[{"href":"https:\/\/tivity.es\/en\/wp-json\/wp\/v2\/posts\/1498"}],"collection":[{"href":"https:\/\/tivity.es\/en\/wp-json\/wp\/v2\/posts"}],"about":[{"href":"https:\/\/tivity.es\/en\/wp-json\/wp\/v2\/types\/post"}],"author":[{"embeddable":true,"href":"https:\/\/tivity.es\/en\/wp-json\/wp\/v2\/users\/1"}],"replies":[{"embeddable":true,"href":"https:\/\/tivity.es\/en\/wp-json\/wp\/v2\/comments?post=1498"}],"version-history":[{"count":1,"href":"https:\/\/tivity.es\/en\/wp-json\/wp\/v2\/posts\/1498\/revisions"}],"predecessor-version":[{"id":1502,"href":"https:\/\/tivity.es\/en\/wp-json\/wp\/v2\/posts\/1498\/revisions\/1502"}],"wp:featuredmedia":[{"embeddable":true,"href":"https:\/\/tivity.es\/en\/wp-json\/wp\/v2\/media\/1499"}],"wp:attachment":[{"href":"https:\/\/tivity.es\/en\/wp-json\/wp\/v2\/media?parent=1498"}],"wp:term":[{"taxonomy":"category","embeddable":true,"href":"https:\/\/tivity.es\/en\/wp-json\/wp\/v2\/categories?post=1498"},{"taxonomy":"post_tag","embeddable":true,"href":"https:\/\/tivity.es\/en\/wp-json\/wp\/v2\/tags?post=1498"}],"curies":[{"name":"wp","href":"https:\/\/api.w.org\/{rel}","templated":true}]}}